{"id":998,"date":"2022-04-15T09:23:23","date_gmt":"2022-04-15T09:23:23","guid":{"rendered":"https:\/\/leclosdumidi.com\/?p=998"},"modified":"2023-02-06T09:12:43","modified_gmt":"2023-02-06T09:12:43","slug":"appel-de-fonds-2022","status":"publish","type":"post","link":"https:\/\/leclosdumidi.com\/index.php\/2022\/04\/15\/appel-de-fonds-2022\/","title":{"rendered":"Appel de fonds 2022"},"content":{"rendered":"<p>[et_pb_section fb_built=\u00a0\u00bb1&Prime; _builder_version=\u00a0\u00bb4.17.4&Prime; _module_preset=\u00a0\u00bbdefault\u00a0\u00bb global_colors_info=\u00a0\u00bb{}\u00a0\u00bb theme_builder_area=\u00a0\u00bbpost_content\u00a0\u00bb][et_pb_row _builder_version=\u00a0\u00bb4.17.4&Prime; _module_preset=\u00a0\u00bbdefault\u00a0\u00bb global_colors_info=\u00a0\u00bb{}\u00a0\u00bb theme_builder_area=\u00a0\u00bbpost_content\u00a0\u00bb][et_pb_column type=\u00a0\u00bb4_4&Prime; _builder_version=\u00a0\u00bb4.17.4&Prime; _module_preset=\u00a0\u00bbdefault\u00a0\u00bb global_colors_info=\u00a0\u00bb{}\u00a0\u00bb theme_builder_area=\u00a0\u00bbpost_content\u00a0\u00bb][et_pb_text _builder_version=\u00a0\u00bb4.19.5&Prime; _module_preset=\u00a0\u00bbdefault\u00a0\u00bb hover_enabled=\u00a0\u00bb0&Prime; global_colors_info=\u00a0\u00bb{}\u00a0\u00bb theme_builder_area=\u00a0\u00bbpost_content\u00a0\u00bb sticky_enabled=\u00a0\u00bb0&Prime;]<\/p>\n<p>Conform\u00e9ment aux dispositions de l&rsquo;Assembl\u00e9e G\u00e9n\u00e9rale du 14 avril 2022, l&rsquo;appel de fonds 2022 s&rsquo;\u00e9l\u00e8ve \u00e0 170 \u20ac (cent soixante-dix euros).<\/p>\n<p>Nous vous remercions de bien vouloir r\u00e8gler cette somme, par virement bancaire (vous trouverez notre RIB dans la rubrique documents) ou \u00e9ventuellement par ch\u00e8que \u00e0 l&rsquo;ordre de \u00ab\u00a0l&rsquo;AFUL le Clos du Midi\u00a0\u00bb<\/p>\n<p>Pour rappel ces charges de copropri\u00e9t\u00e9 sont \u00e0 r\u00e8gler avant le 30 juin 2022<\/p>\n<p>[\/et_pb_text][\/et_pb_column][\/et_pb_row][\/et_pb_section]<\/p>\n","protected":false},"excerpt":{"rendered":"<p>Conform\u00e9ment aux dispositions de l&rsquo;Assembl\u00e9e G\u00e9n\u00e9rale du 14 avril 2022, l&rsquo;appel de fonds 2022 s&rsquo;\u00e9l\u00e8ve \u00e0 170 \u20ac (cent soixante-dix euros). Nous vous remercions de bien vouloir r\u00e8gler cette somme, par virement bancaire (vous trouverez notre RIB dans la rubrique documents) ou \u00e9ventuellement par ch\u00e8que \u00e0 l&rsquo;ordre de \u00ab\u00a0l&rsquo;AFUL le Clos du Midi\u00a0\u00bb Pour rappel [&hellip;]<\/p>\n","protected":false},"author":1,"featured_media":1079,"comment_status":"open","ping_status":"open","sticky":false,"template":"","format":"standard","meta":{"_et_pb_use_builder":"on","_et_pb_old_content":"<!-- wp:divi\/placeholder \/-->","_et_gb_content_width":"","om_disable_all_campaigns":false,"_mi_skip_tracking":false,"footnotes":""},"categories":[9],"tags":[],"class_list":["post-998","post","type-post","status-publish","format-standard","has-post-thumbnail","hentry","category-assemblee-generale"],"aioseo_notices":[],"_links":{"self":[{"href":"https:\/\/leclosdumidi.com\/index.php\/wp-json\/wp\/v2\/posts\/998","targetHints":{"allow":["GET"]}}],"collection":[{"href":"https:\/\/leclosdumidi.com\/index.php\/wp-json\/wp\/v2\/posts"}],"about":[{"href":"https:\/\/leclosdumidi.com\/index.php\/wp-json\/wp\/v2\/types\/post"}],"author":[{"embeddable":true,"href":"https:\/\/leclosdumidi.com\/index.php\/wp-json\/wp\/v2\/users\/1"}],"replies":[{"embeddable":true,"href":"https:\/\/leclosdumidi.com\/index.php\/wp-json\/wp\/v2\/comments?post=998"}],"version-history":[{"count":5,"href":"https:\/\/leclosdumidi.com\/index.php\/wp-json\/wp\/v2\/posts\/998\/revisions"}],"predecessor-version":[{"id":1082,"href":"https:\/\/leclosdumidi.com\/index.php\/wp-json\/wp\/v2\/posts\/998\/revisions\/1082"}],"wp:featuredmedia":[{"embeddable":true,"href":"https:\/\/leclosdumidi.com\/index.php\/wp-json\/wp\/v2\/media\/1079"}],"wp:attachment":[{"href":"https:\/\/leclosdumidi.com\/index.php\/wp-json\/wp\/v2\/media?parent=998"}],"wp:term":[{"taxonomy":"category","embeddable":true,"href":"https:\/\/leclosdumidi.com\/index.php\/wp-json\/wp\/v2\/categories?post=998"},{"taxonomy":"post_tag","embeddable":true,"href":"https:\/\/leclosdumidi.com\/index.php\/wp-json\/wp\/v2\/tags?post=998"}],"curies":[{"name":"wp","href":"https:\/\/api.w.org\/{rel}","templated":true}]}}