{"id":107,"date":"2021-09-24T13:00:00","date_gmt":"2021-09-24T13:00:00","guid":{"rendered":"https:\/\/leclosdumidi.com\/?p=107"},"modified":"2022-04-14T14:52:50","modified_gmt":"2022-04-14T14:52:50","slug":"le-logo-le-clos-du-midi","status":"publish","type":"post","link":"https:\/\/leclosdumidi.com\/index.php\/2021\/09\/24\/le-logo-le-clos-du-midi\/","title":{"rendered":"Le logo \u00ab\u00a0LE CLOS DU MIDI\u00a0\u00bb"},"content":{"rendered":"<p>[et_pb_section fb_built=\u00a0\u00bb1&Prime; theme_builder_area=\u00a0\u00bbpost_content\u00a0\u00bb _builder_version=\u00a0\u00bb4.17.0&Prime; _module_preset=\u00a0\u00bbdefault\u00a0\u00bb][et_pb_row column_structure=\u00a0\u00bb1_2,1_6,1_6,1_6&Prime; _builder_version=\u00a0\u00bb4.17.0&Prime; _module_preset=\u00a0\u00bbdefault\u00a0\u00bb global_colors_info=\u00a0\u00bb{}\u00a0\u00bb theme_builder_area=\u00a0\u00bbpost_content\u00a0\u00bb][et_pb_column type=\u00a0\u00bb1_2&Prime; _builder_version=\u00a0\u00bb4.17.0&Prime; _module_preset=\u00a0\u00bbdefault\u00a0\u00bb global_colors_info=\u00a0\u00bb{}\u00a0\u00bb theme_builder_area=\u00a0\u00bbpost_content\u00a0\u00bb][et_pb_text _builder_version=\u00a0\u00bb4.17.0&Prime; _module_preset=\u00a0\u00bbdefault\u00a0\u00bb text_font=\u00a0\u00bbMontserrat||||||||\u00a0\u00bb text_font_size=\u00a0\u00bb16px\u00a0\u00bb global_colors_info=\u00a0\u00bb{}\u00a0\u00bb theme_builder_area=\u00a0\u00bbpost_content\u00a0\u00bb]<\/p>\n<p>En septembre 2021 nous avons cr\u00e9\u00e9 un logo pour la copropri\u00e9t\u00e9 <span style=\"color: #ff6600;\">\u00ab\u00a0Le Clos du Midi\u00a0\u00bb<\/span><\/p>\n<p>* La maison repr\u00e9sente la copropri\u00e9t\u00e9<\/p>\n<p>* Le soleil \/ fleur repr\u00e9sente le \u00ab\u00a0Midi\u00a0\u00bb<\/p>\n<p>* Les 5 rayons \/ p\u00e9tales repr\u00e9sente les 5 placettes<\/p>\n<p>* La couleur orange repr\u00e9sente la chaleur, le dynamisme, l&rsquo;\u00e9nergie, la joie, la gaiet\u00e9 et la g\u00e9n\u00e9rosit\u00e9.<\/p>\n<p>[\/et_pb_text][et_pb_post_nav in_same_term=\u00a0\u00bbon\u00a0\u00bb _builder_version=\u00a0\u00bb4.17.0&Prime; _module_preset=\u00a0\u00bbdefault\u00a0\u00bb global_colors_info=\u00a0\u00bb{}\u00a0\u00bb theme_builder_area=\u00a0\u00bbpost_content\u00a0\u00bb][\/et_pb_post_nav][\/et_pb_column][et_pb_column type=\u00a0\u00bb1_6&Prime; _builder_version=\u00a0\u00bb4.17.0&Prime; _module_preset=\u00a0\u00bbdefault\u00a0\u00bb global_colors_info=\u00a0\u00bb{}\u00a0\u00bb theme_builder_area=\u00a0\u00bbpost_content\u00a0\u00bb][et_pb_image src=\u00a0\u00bbhttp:\/\/leclosdumidi.com\/wp-content\/uploads\/2021\/09\/logo_le_clos_du_midi.jpg\u00a0\u00bb title_text=\u00a0\u00bblogo_le_clos_du_midi\u00a0\u00bb align=\u00a0\u00bbcenter\u00a0\u00bb _builder_version=\u00a0\u00bb4.17.0&Prime; _module_preset=\u00a0\u00bbdefault\u00a0\u00bb custom_margin=\u00a0\u00bb||16px|||\u00a0\u00bb global_colors_info=\u00a0\u00bb{}\u00a0\u00bb theme_builder_area=\u00a0\u00bbpost_content\u00a0\u00bb][\/et_pb_image][et_pb_text _builder_version=\u00a0\u00bb4.17.0&Prime; _module_preset=\u00a0\u00bbdefault\u00a0\u00bb global_colors_info=\u00a0\u00bb{}\u00a0\u00bb theme_builder_area=\u00a0\u00bbpost_content\u00a0\u00bb]<\/p>\n<p style=\"text-align: center;\"><em>version couleur<\/em><\/p>\n<p>[\/et_pb_text][\/et_pb_column][et_pb_column type=\u00a0\u00bb1_6&Prime; _builder_version=\u00a0\u00bb4.17.0&Prime; _module_preset=\u00a0\u00bbdefault\u00a0\u00bb global_colors_info=\u00a0\u00bb{}\u00a0\u00bb theme_builder_area=\u00a0\u00bbpost_content\u00a0\u00bb][et_pb_image src=\u00a0\u00bbhttp:\/\/leclosdumidi.com\/wp-content\/uploads\/2021\/10\/logo_le_clos_du_midi_nb.png\u00a0\u00bb title_text=\u00a0\u00bblogo_le_clos_du_midi_nb\u00a0\u00bb align=\u00a0\u00bbcenter\u00a0\u00bb _builder_version=\u00a0\u00bb4.17.0&Prime; _module_preset=\u00a0\u00bbdefault\u00a0\u00bb width=\u00a0\u00bb70%\u00a0\u00bb custom_margin=\u00a0\u00bb||19px|||\u00a0\u00bb global_colors_info=\u00a0\u00bb{}\u00a0\u00bb theme_builder_area=\u00a0\u00bbpost_content\u00a0\u00bb][\/et_pb_image][et_pb_text _builder_version=\u00a0\u00bb4.17.0&Prime; _module_preset=\u00a0\u00bbdefault\u00a0\u00bb global_colors_info=\u00a0\u00bb{}\u00a0\u00bb theme_builder_area=\u00a0\u00bbpost_content\u00a0\u00bb]<\/p>\n<p style=\"text-align: center;\"><em>version monochrome sur fond blanc<\/em><\/p>\n<p>[\/et_pb_text][\/et_pb_column][et_pb_column type=\u00a0\u00bb1_6&Prime; _builder_version=\u00a0\u00bb4.17.0&Prime; _module_preset=\u00a0\u00bbdefault\u00a0\u00bb global_colors_info=\u00a0\u00bb{}\u00a0\u00bb theme_builder_area=\u00a0\u00bbpost_content\u00a0\u00bb][et_pb_image src=\u00a0\u00bbhttp:\/\/leclosdumidi.com\/wp-content\/uploads\/2021\/10\/logo_le_clos_du_midi_negatif.png\u00a0\u00bb title_text=\u00a0\u00bblogo_le_clos_du_midi_negatif\u00a0\u00bb align=\u00a0\u00bbcenter\u00a0\u00bb _builder_version=\u00a0\u00bb4.17.0&Prime; _module_preset=\u00a0\u00bbdefault\u00a0\u00bb custom_margin=\u00a0\u00bb||17px|||\u00a0\u00bb global_colors_info=\u00a0\u00bb{}\u00a0\u00bb theme_builder_area=\u00a0\u00bbpost_content\u00a0\u00bb][\/et_pb_image][et_pb_text _builder_version=\u00a0\u00bb4.17.0&Prime; _module_preset=\u00a0\u00bbdefault\u00a0\u00bb global_colors_info=\u00a0\u00bb{}\u00a0\u00bb theme_builder_area=\u00a0\u00bbpost_content\u00a0\u00bb]<\/p>\n<p style=\"text-align: center;\"><em>version monochrome sur fond noir<\/em><\/p>\n<p>[\/et_pb_text][\/et_pb_column][\/et_pb_row][\/et_pb_section]<\/p>\n","protected":false},"excerpt":{"rendered":"<p>En septembre 2021 nous avons cr\u00e9\u00e9 un logo pour la copropri\u00e9t\u00e9 \u00ab\u00a0Le Clos du Midi\u00a0\u00bb * La maison repr\u00e9sente la copropri\u00e9t\u00e9 * Le soleil \/ fleur repr\u00e9sente le \u00ab\u00a0Midi\u00a0\u00bb * Les 5 rayons \/ p\u00e9tales repr\u00e9sente les 5 placettes * La couleur orange repr\u00e9sente la chaleur, le dynamisme, l&rsquo;\u00e9nergie, la joie, la gaiet\u00e9 et la [&hellip;]<\/p>\n","protected":false},"author":1,"featured_media":936,"comment_status":"open","ping_status":"open","sticky":false,"template":"","format":"standard","meta":{"_et_pb_use_builder":"on","_et_pb_old_content":"<!-- wp:paragraph -->\n<p>Nous vous pr\u00e9sentons notre nouveau logo :<\/p>\n<!-- \/wp:paragraph -->\n\n<!-- wp:list -->\n<ul><li>La maison repr\u00e9sente la copropri\u00e9t\u00e9<\/li><li>Le soleil\/fleur repr\u00e9sente le \"midi\"<\/li><li>Les rayons\/p\u00e9tales repr\u00e9sentent nos 5 placettes<\/li><li>La couleur Orange repr\u00e9sente la chaleur, l'\u00e9nergie, le dynamisme, la joie, la gaiet\u00e9, la g\u00e9n\u00e9rosit\u00e9.<\/li><\/ul>\n<!-- \/wp:list -->","_et_gb_content_width":"","om_disable_all_campaigns":false,"_mi_skip_tracking":false,"footnotes":""},"categories":[7],"tags":[],"class_list":["post-107","post","type-post","status-publish","format-standard","has-post-thumbnail","hentry","category-communication"],"aioseo_notices":[],"_links":{"self":[{"href":"https:\/\/leclosdumidi.com\/index.php\/wp-json\/wp\/v2\/posts\/107","targetHints":{"allow":["GET"]}}],"collection":[{"href":"https:\/\/leclosdumidi.com\/index.php\/wp-json\/wp\/v2\/posts"}],"about":[{"href":"https:\/\/leclosdumidi.com\/index.php\/wp-json\/wp\/v2\/types\/post"}],"author":[{"embeddable":true,"href":"https:\/\/leclosdumidi.com\/index.php\/wp-json\/wp\/v2\/users\/1"}],"replies":[{"embeddable":true,"href":"https:\/\/leclosdumidi.com\/index.php\/wp-json\/wp\/v2\/comments?post=107"}],"version-history":[{"count":10,"href":"https:\/\/leclosdumidi.com\/index.php\/wp-json\/wp\/v2\/posts\/107\/revisions"}],"predecessor-version":[{"id":947,"href":"https:\/\/leclosdumidi.com\/index.php\/wp-json\/wp\/v2\/posts\/107\/revisions\/947"}],"wp:featuredmedia":[{"embeddable":true,"href":"https:\/\/leclosdumidi.com\/index.php\/wp-json\/wp\/v2\/media\/936"}],"wp:attachment":[{"href":"https:\/\/leclosdumidi.com\/index.php\/wp-json\/wp\/v2\/media?parent=107"}],"wp:term":[{"taxonomy":"category","embeddable":true,"href":"https:\/\/leclosdumidi.com\/index.php\/wp-json\/wp\/v2\/categories?post=107"},{"taxonomy":"post_tag","embeddable":true,"href":"https:\/\/leclosdumidi.com\/index.php\/wp-json\/wp\/v2\/tags?post=107"}],"curies":[{"name":"wp","href":"https:\/\/api.w.org\/{rel}","templated":true}]}}